{"id":110,"date":"2026-04-27T23:11:00","date_gmt":"2026-04-27T23:11:00","guid":{"rendered":"https:\/\/aroew.de\/?p=110"},"modified":"2026-04-09T15:28:11","modified_gmt":"2026-04-09T15:28:11","slug":"gedanken-ueber-ein-leben-ohne-festen-rahmen-warum-ich-mich-endlich-frei-fuehle","status":"publish","type":"post","link":"https:\/\/aroew.de\/?p=110","title":{"rendered":"Gedanken \u00fcber ein Leben ohne festen Rahmen: Warum ich mich endlich frei f\u00fchle"},"content":{"rendered":"\n<p><img decoding=\"async\" src=\"https:\/\/wsstgprdphotosonic01.blob.core.windows.net\/photosonic\/41be9609-ba21-45cd-b5e5-950d436fd0d2.WEBP?st=2026-04-09T15%3A21%3A16Z&amp;se=2026-04-16T15%3A21%3A16Z&amp;sp=r&amp;sv=2025-05-05&amp;sr=b&amp;sig=\/BbRrCzPGt8D2uKGD7r9PbAnx0SPtSRquwFLskL7hpk%3D\" alt=\"Woman in white dress with arms outstretched, embracing freedom in a sunlit field at sunset.\"> Meine Gedanken kreisten st\u00e4ndig um dasselbe Gef\u00fchl: Ich geh\u00f6re nirgends dazu. Genau wie viele Menschen, die sich unwohler unter anderen f\u00fchlen und sich zur\u00fcckziehen, sp\u00fcrte ich diese innere Leere trotz \u00e4u\u00dferer Ordnung. Obwohl die Gedanken sind frei, f\u00fchlte sich mein Leben in festen Rahmen gefangen an. Dieser Artikel beschreibt meinen Weg von gesellschaftlichen Zw\u00e4ngen zur echten Freiheit. Dabei spielten positive Gedanken und die Macht der Gedanken eine entscheidende Rolle, um Authentizit\u00e4t und Selbstbestimmung neu zu entdecken.<\/p>\n\n\n\n<h2 class=\"wp-block-heading\">Was bedeutet ein Leben mit festem Rahmen<\/h2>\n\n\n\n<h3 class=\"wp-block-heading\">Gesellschaftliche Erwartungen und Normen<\/h3>\n\n\n\n<p><a target=\"_blank\" rel=\"noreferrer noopener\" href=\"https:\/\/de.wikipedia.org\/wiki\/Soziale_Norm\">Soziale Normen<\/a> sind konkrete Handlungsanweisungen, die unser Verhalten im Alltag bestimmen. Sie definieren, was als verantwortungsbewusstes Handeln gilt und bringen die Erwartungen der Gesellschaft an uns zum Ausdruck. Zun\u00e4chst erscheinen diese Regeln harmlos: nicht schmatzen beim Essen, andere Menschen nicht anrempeln, den Hosenschlitz in einem unbeobachteten Moment zuziehen.<\/p>\n\n\n\n<p>Die wahre Macht dieser Normen zeigt sich jedoch in ihrer F\u00e4higkeit, Erwartungen zu strukturieren und unser Handeln vorhersagbar zu machen. Kinder sind wahre Meister der Anpassung und verf\u00fcgen \u00fcber feine Antennen, die genau erkennen, f\u00fcr welches Verhalten sie Anerkennung und Sicherheit erhalten. Ich folgte diesen Regeln ohne zu hinterfragen, weil sie mir als universell und selbstverst\u00e4ndlich erschienen. Die meisten Glaubenss\u00e4tze stammen aus den Kindertagen und sind S\u00e4tze, die ich entweder direkt zu h\u00f6ren bekam oder indirekt durch Beobachtung meines Umfelds erschloss.<\/p>\n\n\n\n<p>Ein Beruf mit hohem Status, solidem Einkommen und Sicherheit wird als erstrebenswert betrachtet und ist in Form von Glaubenss\u00e4tzen in uns verankert. Je \u00e4lter ich wurde, umso fester hielt ich an diesen \u00dcberzeugungen fest, schlie\u00dflich hatten sie sich \u00fcber Jahrzehnte hinweg als wahr erwiesen.<\/p>\n\n\n\n<h3 class=\"wp-block-heading\">Berufliche Strukturen und Zw\u00e4nge<\/h3>\n\n\n\n<p>Im Zentrum meines Lebens stand die <a target=\"_blank\" rel=\"noreferrer noopener\" href=\"https:\/\/www.zeit.de\/zett\/politik\/2018-07\/zehn-zwaenge-die-uns-kapitalismus-einbrockt\">Lohnarbeit<\/a>. Wer nicht arbeitet und damit Geld verdient, landet schnell im sozialen Abseits. Arbeit wurde zu einem Teil meiner Pers\u00f6nlichkeit und stiftete Identit\u00e4t. Insbesondere mein Karriereweg galt als Indikator f\u00fcr meine menschliche Qualit\u00e4t.<\/p>\n\n\n\n<p>Der autorit\u00e4re Ansatz in Arbeitsumgebungen f\u00fchrte zu Situationen, in denen Mitarbeitende gezwungen sind, \u00dcberstunden zu machen, da sie Angst haben, andernfalls als untauglich wahrgenommen oder ersetzt zu werden. F\u00fchrungskr\u00e4fte beurteilten Leistung anhand von Kriterien, die nicht zum eigentlichen Aufgabenbereich geh\u00f6rten. Mir blieb oft keine andere Wahl, als mich aus Angst zu f\u00fcgen.<\/p>\n\n\n\n<p>Auf der einen Seite bestimmten Vorgesetzte k\u00f6rperlich, wo ich wann arbeiten sollte. Auf der anderen Seite gaben sie mir emotional das Gef\u00fchl, entweder viel wert oder nichts wert zu sein. Diese permanenten Wettbewerbssituationen begannen bereits auf dem Arbeitsmarkt, bei dem ich mich mit Bewerbungen selbst verkaufen musste. Dar\u00fcber hinaus entwickelten sich in einem Umfeld mit Zwang und Machtaus\u00fcbung ein geringeres Selbstwertgef\u00fchl und mangelnde Konzentration.<\/p>\n\n\n\n<h3 class=\"wp-block-heading\">Pers\u00f6nliche Routinen als unsichtbare Gef\u00e4ngnisse<\/h3>\n\n\n\n<p>Viele Menschen hadern mit ihrem Leben: Am Arbeitsplatz f\u00fchlen sie sich nicht ausreichend anerkannt, in der Partnerschaft sind Routine und Distanz eingekehrt. Der Grund liegt darin, dass Stress daf\u00fcr sorgt, dass das Gehirn auf tief verankerte und stabile Routinen zur\u00fcckgreift. Alte Muster \u00fcbernehmen wieder das Steuer.<\/p>\n\n\n\n<p>Jeder Mensch f\u00fchrt automatisch einen inneren Dialog und die meiste Zeit des Tages denken, f\u00fchlen und handeln wir unbewusst. Wer eine Aufgabe nicht in Angriff nimmt, weil &#8222;es sowieso nicht klappt&#8220;, wird keine Erfolgserlebnisse sammeln. Der Glaubenssatz wird zur selbsterf\u00fcllenden Prophezeiung und verfestigt sich mit jedem Lebensjahr.<\/p>\n\n\n\n<p>Gleichzeitig erkannte ich, dass die Macht der Gedanken mich in diesen unsichtbaren Gef\u00e4ngnissen festhielt. Obwohl die gedanken sind frei sein sollten, funktionierte mein Leben nach fest programmierten Mustern, die ich nie bewusst gew\u00e4hlt hatte.<\/p>\n\n\n\n<h2 class=\"wp-block-heading\">Der Moment der Erkenntnis: Warum feste Rahmen mich einengten<\/h2>\n\n\n\n<h3 class=\"wp-block-heading\">Das Gef\u00fchl der inneren Leere trotz \u00e4u\u00dferer Ordnung<\/h3>\n\n\n\n<p>Von au\u00dfen betrachtet lief alles nach Plan. Beruflich funktionierte ich, soziale Kontakte existierten auf dem Papier, finanzielle Sorgen plagten mich nicht. Dennoch breitete sich in mir ein dumpfes Nichts aus. Psychologen beschreiben <a target=\"_blank\" rel=\"noreferrer noopener\" href=\"https:\/\/hellobetter.de\/blog\/innere-leere\/\">innere Leere als emotionale Taubheit<\/a>, die sich durch Antriebslosigkeit und soziale Isolation zeigt. Genau diese emotionale Taubheit trennte mich von mir selbst und meiner Umwelt.<\/p>\n\n\n\n<p>Ich f\u00fchlte mich wie im Autopiloten. Aufgaben wurden erledigt, Termine wahrgenommen, Pflichten erf\u00fcllt. Doch nichts davon ber\u00fchrte mich wirklich. Forscher fanden heraus, dass Menschen mit psychischen Belastungen h\u00e4ufiger angeben, sich leer und gef\u00fchllos zu f\u00fchlen. Nicht Freude, nicht Trauer. Einfach nichts. Betroffene erleben oft weder Gl\u00fccksmomente noch echte Verbindungen.<\/p>\n\n\n\n<p>Tats\u00e4chlich w\u00e4chst innere Leere, wenn man st\u00e4ndig eine Rolle spielt. Wer nur so sein darf, wie andere ihn haben wollen, verliert das Gef\u00fchl f\u00fcr sich selbst. Je gr\u00f6\u00dfer der Abstand zwischen dem Idealbild und dem tats\u00e4chlichen Empfinden wird, desto st\u00e4rker w\u00e4chst der seelische Schmerz. Obwohl \u00e4u\u00dfere Lebensumst\u00e4nde Erfolg signalisierten, f\u00fchlte sich innerlich alles falsch an.<\/p>\n\n\n\n<h3 class=\"wp-block-heading\">Wenn die gedanken sind frei, aber das Leben es nicht ist<\/h3>\n\n\n\n<p>Das alte Volkslied &#8222;Die Gedanken sind frei&#8220; entstand um 1800 und symbolisierte in Zeiten politischer Unterdr\u00fcckung die Sehnsucht nach Freiheit. Sophie Scholl spielte ihrem inhaftierten Vater 1942 diese Melodie vor der Gef\u00e4ngnismauer vor. W\u00e4hrend der friedlichen Revolution 1989 sangen tausende Demonstranten in Dresden dieses Freiheitslied.<\/p>\n\n\n\n<p>Die Ironie meiner Situation war offensichtlich. Meine Gedanken waren frei, zumindest theoretisch. Gleichzeitig blieben sie durch Emotionen und Gef\u00fchle gekoppelt. Wir denken etwa <a target=\"_blank\" rel=\"noreferrer noopener\" href=\"https:\/\/www.femaleshift.org\/die-gedanken-sind-frei-warum-verantwortung-genau-dort-anfaengt\/\">60.000 Gedanken am Tag<\/a>, die wir nicht bewusst erleben k\u00f6nnten. Diese unbewussten Denkmuster werden durch Sozialisierung gepr\u00e4gt. Bereits fr\u00fch lernen wir, uns in soziale Gef\u00fcge einzuf\u00fcgen und anzupassen.<\/p>\n\n\n\n<p>Obwohl wahre Freiheit im Kopf beginnt, f\u00fchlte ich mich gefangen. Die Macht der Gedanken hielt mich fest, aber nicht auf positive Weise. Auf jede Situation folgt eine oft unbewusste Denk-Bewertung, gepaart mit Emotionen wie Angst, Freude oder \u00c4rger. Meine gedankliche Freiheit existierte nur als Illusion.<\/p>\n\n\n\n<h3 class=\"wp-block-heading\">Die k\u00f6rperlichen und mentalen Signale der Unzufriedenheit<\/h3>\n\n\n\n<p>Mein K\u00f6rper sendete deutliche Warnsignale. Unzufriedenheit \u00e4u\u00dfert sich durch Rastlosigkeit, Sehns\u00fcchte und den Wunsch nach etwas Ungreifbarem. Bei chronischer Unzufriedenheit versp\u00fcren Menschen eine gro\u00dfe innere Unruhe, ein Bed\u00fcrfnis nach etwas, das sich nicht greifen l\u00e4sst. Sie haben das Gef\u00fchl, noch nicht da zu sein, wo sie sein m\u00f6chten, ohne zu wissen, wie sie dorthin kommen.<\/p>\n\n\n\n<p>Die k\u00f6rperlichen Manifestationen waren eindeutig:<\/p>\n\n\n<ul class=\"wp-block-list\" style=\"\">\n<li>Chronische Ersch&ouml;pfung und M&uuml;digkeit trotz ausreichend Schlaf<\/li>\n\n\n\n<li>Schlafst&ouml;rungen mit Schwierigkeiten beim Einschlafen<\/li>\n\n\n\n<li>Ein k&ouml;rperliches Unbehagen in der Brust, als w&uuml;rde dort ein Loch klaffen<\/li>\n\n\n\n<li>Antriebslosigkeit und das Gef&uuml;hl, sich zu nichts aufraffen zu k&ouml;nnen<\/li>\n<\/ul>\n\n\n\n<p>Auf kognitiv-emotionaler Ebene reichten meine Symptome von Nervosit\u00e4t \u00fcber Selbstvorw\u00fcrfe bis zu Leere im Kopf. Chronische Anspannung belastete Immunsystem und Stoffwechsel, raubte den Schlaf und lie\u00df die Muskulatur verkrampfen. Daher erkannte ich, dass andauernde \u00dcberforderung, Hilflosigkeit und Stress k\u00f6rperliche Symptome hervorrufen k\u00f6nnen.<\/p>\n\n\n\n<p>Soziale Beziehungen litten unter diesem Zustand. Der Seelenfrieden schwand und langfristig kann Unzufriedenheit krank machen. Diese Warnsignale ignorierten die meisten Menschen, auch ich. Doch der K\u00f6rper h\u00e4lt Stress im Dauerzustand nicht aus.<\/p>\n\n\n\n<h2 class=\"wp-block-heading\">Der Weg zur Freiheit: Meine ersten Schritte<\/h2>\n\n\n\n<h3 class=\"wp-block-heading\">Kleine Ver\u00e4nderungen mit gro\u00dfer Wirkung<\/h3>\n\n\n\n<p>Forscher fanden heraus, dass mehrere kleine Anpassungen zusammen einen gr\u00f6\u00dferen Effekt zeigen als eine massive Einzelver\u00e4nderung. Diese Erkenntnis erleichterte mir den Start enorm. Ich musste nicht mein ganzes Leben von heute auf morgen umkrempeln. Bereits f\u00fcnf Minuten mehr Schlaf, zwei Minuten mehr Bewegung und etwas mehr Gem\u00fcse k\u00f6nnen ein zus\u00e4tzliches gesundes Lebensjahr schenken.<\/p>\n\n\n\n<p>Kleine Schritte sind einfacher umzusetzen und f\u00fchren mit der Zeit zu gro\u00dfen Ergebnissen. Statt drei Stunden im Fitnessstudio zu schwitzen, ging ich mit Freunden eine halbe Stunde spazieren. Dabei verlie\u00df ich das Auto zugunsten \u00f6ffentlicher Verkehrsmittel und legte automatisch mehr Meter zu Fu\u00df zur\u00fcck. Diese Ver\u00e4nderungen sollten lebensl\u00e4nglich durchhaltbar sein, sonst ist das Scheitern vorprogrammiert.<\/p>\n\n\n\n<p>Im Grunde genommen begann ich mit winzigen Routinen. Vor dem Schlafen dachte ich drei Minuten an sch\u00f6ne Momente des Tages. Dankbarkeit zu praktizieren verbesserte mein Wohlbefinden erheblich. Menschen, die regelm\u00e4\u00dfig Dankbarkeit ausdr\u00fccken, haben weniger Stress und eine positivere Lebenseinstellung.<\/p>\n\n\n\n<h3 class=\"wp-block-heading\">\u00c4ngste loslassen und Mut fassen<\/h3>\n\n\n\n<p>Die Angst vor dem Neuen ist oft kleiner als die Angst, in einer M\u00fchle zu versauern. Zu diesem Zeitpunkt brauchte ich einen gewissen Leidensdruck, um Ver\u00e4nderung zu wagen. Je weiter ein neues Ziel von dem entfernt ist, was wir kennen, desto gr\u00f6\u00dfer ist die Angst vor dem Scheitern. Der Teufel, den wir kennen, ist uns lieber als jener, den wir noch nicht kennen.<\/p>\n\n\n\n<p>\u00c4ngste lassen sich gezielt loslassen, indem man sich zuerst erlaubt, sie zu sp\u00fcren. Ich versuchte nicht mehr, sie zu verdr\u00e4ngen. Tats\u00e4chlich bleibt das, was wir am meisten ablehnen, uns am l\u00e4ngsten erhalten. Loslassen funktioniert durch Akzeptieren, Zulassen und Annehmen. Dennoch verlangte die Kraft der \u00dcberwindung Mut.<\/p>\n\n\n\n<p>Es geht darum, das Verhalten zu reflektieren, abwertende Denkmuster beiseitezuschieben und die Angst vor dem Scheitern zu relativieren. Ich schrieb meine \u00c4ngste auf, um wiederkehrende Muster zu erkennen. Dabei stellte ich meine Angst-Gedanken bewusst in Frage: Wie wahrscheinlich ist es, dass das eintritt, was ich bef\u00fcrchte?<\/p>\n\n\n\n<h3 class=\"wp-block-heading\">Positive Gedanken als Wegbegleiter<\/h3>\n\n\n\n<p>Mindset bildet das Fundament f\u00fcr alles andere. Falsche Glaubenss\u00e4tze k\u00f6nnen verbieten, mit weniger Arbeit mehr herauszuholen oder dort zu leben, wo man m\u00f6chte. Die Arbeit an mir selbst wurde zum wichtigsten Job, der niemals endet.<\/p>\n\n\n\n<p><a target=\"_blank\" rel=\"noreferrer noopener\" href=\"https:\/\/www.vogue.de\/beauty\/artikel\/positive-gedanken-optimismus-resilienz-expertin-tipps\">Optimismus kann die Lebenserwartung um bis zu 15 Prozent erh\u00f6hen<\/a>. Etwa 40 Prozent unseres langfristigen Gl\u00fccks werden durch bewusstes Denken, Handeln und positive Aktivit\u00e4ten beeinflusst. Positive Gedanken helfen, Stress zu reduzieren und Schmerzen besser zu bew\u00e4ltigen. Wer positiv denkt, sieht Herausforderungen eher als Chancen zur Weiterentwicklung.<\/p>\n\n\n\n<p>Ich begann jeden Morgen damit, drei Dinge aufzuschreiben, f\u00fcr die ich dankbar bin. Dar\u00fcber hinaus konzentrierte ich mich 30 Sekunden lang auf positive Erfahrungen. Negative Erfahrungen erkennt unser Gehirn in Mikrosekunden, w\u00e4hrend positive Erfahrungen mindestens 20 Sekunden unserer Aufmerksamkeit ben\u00f6tigen. Gute Gedanken kultivierten so meine innere Stabilit\u00e4t.<\/p>\n\n\n\n<figure class=\"wp-block-image size-large\"><img loading=\"lazy\" decoding=\"async\" width=\"1024\" height=\"679\" src=\"https:\/\/aroew.de\/wp-content\/uploads\/2026\/04\/image-3-1024x679.png\" alt=\"\" class=\"wp-image-121\" srcset=\"https:\/\/aroew.de\/wp-content\/uploads\/2026\/04\/image-3-1024x679.png 1024w, https:\/\/aroew.de\/wp-content\/uploads\/2026\/04\/image-3-300x199.png 300w, https:\/\/aroew.de\/wp-content\/uploads\/2026\/04\/image-3-768x509.png 768w, https:\/\/aroew.de\/wp-content\/uploads\/2026\/04\/image-3.png 1057w\" sizes=\"auto, (max-width: 1024px) 100vw, 1024px\" \/><\/figure>\n\n\n\n<h3 class=\"wp-block-heading\">Die Reaktionen meines Umfelds<\/h3>\n\n\n\n<p>Das Umfeld reagiert immer, wenn wir etwas ver\u00e4ndern. Mit meinen Ver\u00e4nderungen brachte ich bei anderen alles durcheinander. Man konnte sich nicht mehr darauf verlassen, dass ich so funktioniere, wie man es kannte. Das machte mich unkontrollierbar, unvorhersehbar.<\/p>\n\n\n\n<p>Reaktionen k\u00f6nnen wohlwollend, ablehnend, skeptisch oder neidisch sein. Einige Menschen unterst\u00fctzten mich, andere bek\u00e4mpften mich. Ich musste mir vergegenw\u00e4rtigen: Ich habe die Regie, ich bestimme, welche Stimmen f\u00fcr mich hilfreich sind. Dabei half mir, nicht abh\u00e4ngig von der Meinung anderer zu sein.<\/p>\n\n\n\n<p>Manche Beziehungen verlor ich vor\u00fcbergehend, manche f\u00fcr immer. Bei Menschen, die ich nicht verlieren wollte, redete ich offen \u00fcber meine Bed\u00fcrfnisse. Die Schl\u00fcssel im Umgang mit Herausforderungen waren Freundlichkeit, Geduld und Akzeptanz.<\/p>\n\n\n\n<h2 class=\"wp-block-heading\">Wie sich Freiheit ohne festen Rahmen anf\u00fchlt<\/h2>\n\n\n\n<h3 class=\"wp-block-heading\">Mehr Lebendigkeit im Alltag<\/h3>\n\n\n\n<p>Pl\u00f6tzlich schmeckte Kaffee wieder intensiver. Sonnenstrahlen auf meiner Haut f\u00fchlten sich warm und real an. Diese kleinen Momente der Pr\u00e4senz ver\u00e4nderten meinen Alltag grundlegend. Lebendigkeit entsteht durch bewusstes Da-Sein im gegenw\u00e4rtigen Moment. Anstatt wie automatisiert eine Aufgabe nach der anderen abzuarbeiten, nahm ich die Vielfalt des Lebens wieder wahr.<\/p>\n\n\n\n<p>Gleichzeitig entdeckte ich, dass neue Eindr\u00fccke und Erfahrungen besonders viel Lebendigkeit schenken. Ich musste nicht zum Handstand-Workshop oder auf Pilgerreise gehen. Schon der Purzelbaum oder ein ungewohnter Weg zur Arbeit erzeugte Gef\u00fchle der Lebendigkeit. Menschen f\u00fchlen sich lebendiger, wenn sie Impulse und Bed\u00fcrfnisse in Taten umsetzen, weil sie damit validieren, dass sie selbst wichtig und wirklich sind.<\/p>\n\n\n\n<h3 class=\"wp-block-heading\">Die Macht der Gedanken: Selbstbestimmung neu entdecken<\/h3>\n\n\n\n<p>Selbstbestimmung erzeugt ein wohliges Gef\u00fchl, das langfristig zu h\u00f6herer Lebensqualit\u00e4t f\u00fchrt. T\u00e4tigkeiten schenkten mir nun Energie, anstatt sie mir zu nehmen. Tats\u00e4chlich kann uns niemand zu etwas zwingen, hinter jeder unliebsamen T\u00e4tigkeit verbirgt sich ein Grund, weshalb wir sie machen.<\/p>\n\n\n\n<p>Zufriedenheit wurde mein Kompass. Sie zeigt an, dass ich selbstbestimmt nach meinen Werten lebe. Zudem fand ich heraus, dass ich meine Bed\u00fcrfnisse und eigenen Werte besser kennenlernen musste. Selbstbestimmte Menschen k\u00f6nnen beruflich leichter in ihrer Freizeit mit Kindern spielen statt auf der Couch zu liegen, wenn ihnen Familie wichtig ist. Verantwortung f\u00fcr meine Entscheidungen zu \u00fcbernehmen erforderte anfangs Mut, machte sich jedoch durch mehr Zufriedenheit bezahlt.<\/p>\n\n\n\n<h3 class=\"wp-block-heading\">Flexibilit\u00e4t statt Starrheit<\/h3>\n\n\n\n<p>Flexibilit\u00e4t bedeutet die F\u00e4higkeit, Wahlm\u00f6glichkeiten zu entdecken und diese bedarfsgerecht zu nutzen. Statt nur den einen Weg direkt vor meiner Nase zu sehen, erkannte ich nun mehrere und konnte bewusster entscheiden. Mentale Flexibilit\u00e4t half mir, Unsicherheit besser auszuhalten, weil ich weniger Energie damit verschwendete, Kontrolle \u00fcber etwas zu behalten, das sich ohnehin nicht kontrollieren l\u00e4sst.<\/p>\n\n\n\n<p>Das Festhalten an dem, was h\u00e4tte sein sollen, geh\u00f6rt zu den gr\u00f6\u00dften psychischen Stressfaktoren \u00fcberhaupt. Folglich passte ich meine Erwartungen an und sah auch dann einen Weg nach vorne, wenn ein Plan nicht aufging. Die F\u00e4higkeit zur kognitiven Neubewertung ist ein zentraler Schutzfaktor f\u00fcr psychische Gesundheit.<\/p>\n\n\n\n<h3 class=\"wp-block-heading\">Authentizit\u00e4t und echte Verbindungen<\/h3>\n\n\n\n<p>Authentizit\u00e4t schafft Vertrauen durch Transparenz und Verletzlichkeit, die tiefere Verbindungen zu anderen f\u00f6rdert. Indem ich Masken oder Fassaden loslie\u00df und mich als mein wahres, ungefiltertes Selbst zeigte, konnten andere mich so sehen und sch\u00e4tzen, wie ich wirklich bin. Echte Verbindung erfordert Mut und die Bereitschaft, nicht nur Worte, sondern auch die eigene Wahrheit zu teilen.<\/p>\n\n\n\n<p>Authentisches Verhalten ist mit h\u00f6herer Beziehungsqualit\u00e4t, mehr Empathie und sozialer Unterst\u00fctzung verbunden. Wer sich echt zeigt, erf\u00e4hrt eher R\u00fcckhalt und wird weniger von Einsamkeit oder Rollenstress belastet. Daher entstanden in meinem Leben echte Beziehungen, die auf Wahrheit und Offenheit beruhen.<\/p>\n\n\n\n<h2 class=\"wp-block-heading\">Das Leben ohne feste Strukturen gestalten<\/h2>\n\n\n\n<h3 class=\"wp-block-heading\">Orientierung finden ohne starre Regeln<\/h3>\n\n\n\n<p>Orientierung entsteht nicht durch externe Regeln, sondern durch wenige, glasklare innere Prinzipien. Diese Prinzipien sind keine Systeme zum Einhalten, sondern eine innere Haltung zur Orientierung. Ich erkannte, dass innere Klarheit wichtiger ist als \u00e4u\u00dfere Struktur, wenn Alltagskram und Fokusprojekt aufeinandertreffen. Entlastung entsteht nicht durch mehr Anstrengung, sondern durch Klarheit.<\/p>\n\n\n\n<h3 class=\"wp-block-heading\">Mit Unsicherheit umgehen lernen<\/h3>\n\n\n\n<p>Unsicherheit anzunehmen entwickelt sich zu einer zentralen F\u00e4higkeit. Der Umgang damit kann erlernt werden und birgt die Chance zur pers\u00f6nlichen Entwicklung. Ich akzeptierte, dass Kontrolle eine Illusion ist und der Versuch, alles zu kontrollieren, zu Stress f\u00fchrt. Flexibilit\u00e4t erm\u00f6glicht es, sich Unw\u00e4gbarkeiten anzupassen und neue M\u00f6glichkeiten zu erkunden. Folglich erkannte ich die positiven Aspekte der Unsicherheit als bereichernd.<\/p>\n\n\n\n<h3 class=\"wp-block-heading\">Gute Gedanken kultivieren f\u00fcr innere Stabilit\u00e4t<\/h3>\n\n\n\n<p>Innere St\u00e4rke zeigt sich nicht durch st\u00e4ndige Positivit\u00e4t, sondern dadurch, dass ich wei\u00df, wie ich mit Schw\u00e4che umgehe. Gedanken und Gef\u00fchle sind wie Wolken, die sich st\u00e4ndig ver\u00e4ndern und beobachtet werden k\u00f6nnen. Autosuggestion und positive Grundeinstellung schaffen mentale St\u00e4rke. Daher kultivierte ich bewusst gute Gedanken f\u00fcr meine innere Stabilit\u00e4t.<\/p>\n\n\n\n<h3 class=\"wp-block-heading\">Freiheit und Verantwortung in Balance<\/h3>\n\n\n\n<p>Die richtige Balance zwischen Regulierung und Freiheit ist entscheidend. Mehr Rechte bedeuten auch mehr Pflichten. Ich \u00fcbernahm Verantwortung f\u00fcr meine Lebensgestaltung und stellte gleichzeitig klare Forderungen an mich selbst. Diese Balance erforderte, Priorit\u00e4ten zu setzen und zu entscheiden, was nicht verhandelbar ist.<\/p>\n\n\n\n<h2 class=\"wp-block-heading\">Schlussfolgerung<\/h2>\n\n\n\n<p>Freiheit entsteht nicht \u00fcber Nacht, sondern durch bewusste, kleine Schritte. Im Grunde genommen begann meine Ver\u00e4nderung mit der Erkenntnis, dass \u00e4u\u00dfere Ordnung keine innere Erf\u00fcllung garantiert. Gleichzeitig lernte ich, dass positive Gedanken und Authentizit\u00e4t kraftvolle Werkzeuge sind, um alte Muster zu durchbrechen. Der Weg verlangte Mut, Geduld und die Bereitschaft, Unsicherheit auszuhalten. Heute wei\u00df ich: Wahre Freiheit bedeutet nicht, ohne Strukturen zu leben, sondern selbstbestimmt zu entscheiden, welche Strukturen meinem Leben dienen. Jeder kann diesen Weg gehen. Die Entscheidung liegt bei dir.<\/p>\n\n\n\n<h2 class=\"wp-block-heading\">FAQs<\/h2>\n\n\n\n<p><strong>Q1. Warum f\u00fchle ich mich trotz \u00e4u\u00dferer Ordnung innerlich leer?<\/strong> Innere Leere entsteht oft, wenn wir nach gesellschaftlichen Erwartungen leben, statt nach unseren eigenen Werten. Selbst bei beruflichem Erfolg und stabilen Verh\u00e4ltnissen kann sich emotionale Taubheit einstellen, wenn wir st\u00e4ndig eine Rolle spielen und uns nicht authentisch zeigen d\u00fcrfen. Diese Diskrepanz zwischen \u00e4u\u00dferem Funktionieren und innerem Erleben f\u00fchrt zu dem Gef\u00fchl der Leere.<\/p>\n\n\n\n<p><strong>Q2. Wie kann ich mit der Unsicherheit umgehen, wenn ich feste Strukturen loslasse?<\/strong> Unsicherheit anzunehmen ist eine erlernbare F\u00e4higkeit. Akzeptieren Sie, dass Kontrolle eine Illusion ist, und entwickeln Sie mentale Flexibilit\u00e4t. Konzentrieren Sie sich auf Ihre inneren Prinzipien statt auf externe Regeln. Mit der Zeit lernen Sie, Unsicherheit nicht als Bedrohung, sondern als Chance zur pers\u00f6nlichen Entwicklung zu sehen.<\/p>\n\n\n\n<p><strong>Q3. Brauche ich einen festen Lebensplan, um gl\u00fccklich zu sein?<\/strong> Nein, Gl\u00fcck entsteht nicht durch starre Pl\u00e4ne, sondern durch Selbstbestimmung und das Leben nach eigenen Werten. Orientierung finden Sie durch wenige, klare innere Prinzipien statt durch externe Vorgaben. Wichtig ist, dass Sie Verantwortung f\u00fcr Ihre Entscheidungen \u00fcbernehmen und flexibel bleiben, wenn Pl\u00e4ne sich \u00e4ndern.<\/p>\n\n\n\n<p><strong>Q4. Wie finde ich Sinn und Erf\u00fcllung ohne traditionelle Lebenswege wie Familie oder Karriere?<\/strong> Sinn entsteht durch authentische Verbindungen und selbstgew\u00e4hlte Ziele, nicht durch gesellschaftliche Standards. Viele Menschen finden Erf\u00fcllung durch ehrenamtliches Engagement, kreative Projekte oder tiefe Freundschaften. Wichtig ist, Ihre eigenen Bed\u00fcrfnisse und Werte zu kennen und danach zu handeln, statt sich mit anderen zu vergleichen.<\/p>\n\n\n\n<p><strong>Q5. Welche ersten Schritte kann ich unternehmen, um mich freier zu f\u00fchlen?<\/strong> Beginnen Sie mit kleinen Ver\u00e4nderungen: Kultivieren Sie positive Gedanken durch t\u00e4gliche Dankbarkeits\u00fcbungen, hinterfragen Sie Ihre \u00c4ngste bewusst und erlauben Sie sich, diese zu sp\u00fcren statt sie zu verdr\u00e4ngen. Schon f\u00fcnf Minuten mehr Achtsamkeit oder kleine Abweichungen von der Routine k\u00f6nnen gro\u00dfe Wirkung zeigen und Ihnen mehr Lebendigkeit schenken.<\/p>\n","protected":false},"excerpt":{"rendered":"<p>Meine Gedanken kreisten st\u00e4ndig um dasselbe Gef\u00fchl: Ich geh\u00f6re nirgends dazu. Genau wie viele Menschen, die sich unwohler unter anderen f\u00fchlen und sich zur\u00fcckziehen, sp\u00fcrte ich diese innere Leere trotz \u00e4u\u00dferer Ordnung. Obwohl die Gedanken sind frei, f\u00fchlte sich mein Leben in festen Rahmen gefangen an. Dieser Artikel beschreibt meinen Weg von gesellschaftlichen Zw\u00e4ngen zur [&hellip;]<\/p>\n","protected":false},"author":1,"featured_media":0,"comment_status":"open","ping_status":"open","sticky":false,"template":"","format":"standard","meta":{"footnotes":""},"categories":[1],"tags":[],"class_list":["post-110","post","type-post","status-publish","format-standard","hentry","category-uncategorized"],"_links":{"self":[{"href":"https:\/\/aroew.de\/index.php?rest_route=\/wp\/v2\/posts\/110","targetHints":{"allow":["GET"]}}],"collection":[{"href":"https:\/\/aroew.de\/index.php?rest_route=\/wp\/v2\/posts"}],"about":[{"href":"https:\/\/aroew.de\/index.php?rest_route=\/wp\/v2\/types\/post"}],"author":[{"embeddable":true,"href":"https:\/\/aroew.de\/index.php?rest_route=\/wp\/v2\/users\/1"}],"replies":[{"embeddable":true,"href":"https:\/\/aroew.de\/index.php?rest_route=%2Fwp%2Fv2%2Fcomments&post=110"}],"version-history":[{"count":1,"href":"https:\/\/aroew.de\/index.php?rest_route=\/wp\/v2\/posts\/110\/revisions"}],"predecessor-version":[{"id":122,"href":"https:\/\/aroew.de\/index.php?rest_route=\/wp\/v2\/posts\/110\/revisions\/122"}],"wp:attachment":[{"href":"https:\/\/aroew.de\/index.php?rest_route=%2Fwp%2Fv2%2Fmedia&parent=110"}],"wp:term":[{"taxonomy":"category","embeddable":true,"href":"https:\/\/aroew.de\/index.php?rest_route=%2Fwp%2Fv2%2Fcategories&post=110"},{"taxonomy":"post_tag","embeddable":true,"href":"https:\/\/aroew.de\/index.php?rest_route=%2Fwp%2Fv2%2Ftags&post=110"}],"curies":[{"name":"wp","href":"https:\/\/api.w.org\/{rel}","templated":true}]}}